{"id":806,"date":"2021-11-24T17:26:33","date_gmt":"2021-11-24T15:26:33","guid":{"rendered":"http:\/\/jgz-emlack1948.de\/?p=806"},"modified":"2021-11-24T17:55:37","modified_gmt":"2021-11-24T15:55:37","slug":"herzlich-willkommen-4","status":"publish","type":"post","link":"http:\/\/jgz-emlack1948.de\/?p=806","title":{"rendered":"Herzlich Willkommen"},"content":{"rendered":"<p>Seit nun mehr 73 Jahren ist der J\u00e4gerzug&nbsp;\u201eEm Lack 1948\u201c jetzt im BSV Dormagen vertreten.&nbsp;Schon fr\u00fch \u00fcbernahm der Em Lack&nbsp;wichtige Aufgaben im Verein, z.B. bei der&nbsp;Erbauung unseres Sch\u00fctzenhauses.&nbsp;In all den Jahren gab es auch besondere Ereignisse,&nbsp;z.B. stellten wir bis heute f\u00fcnf Mal&nbsp;den Sch\u00fctzenk\u00f6nig des BSV Dormagen. Angefangen&nbsp;mit Klaus-Josef Schmitz 1962\/63,&nbsp;sp\u00e4ter folgten dann noch Gerd Schr\u00f6der&nbsp;1969\/70, Hermann Schotten 1972\/73,&nbsp;Hans Schmitz 1978\/79 und Rolf Schl\u00f6mer&nbsp;2013\/14. Au\u00dferdem konnten folgende Kameraden&nbsp;die J\u00e4gerk\u00f6nigsw\u00fcrde erringen:&nbsp;Gerd Schr\u00f6der, Rolf Schl\u00f6mer und Volker&nbsp;Gebhardt.&nbsp;Des Weiteren wurden insgesamt 16 Gro\u00dffackeln&nbsp;in den vergangenen Jahren gebaut.&nbsp;Unser Zug hat sich schon immer durch seine&nbsp;Hilfsbereitschaft im BSV ausgezeichnet.&nbsp;So hatten verschiedene Kameraden unseres&nbsp;Zuges schon Funktionen im BSV Vorstand&nbsp;und in der Regimentsf\u00fchrung inne.&nbsp;Als Beispiel: Klaus-Josef Schmitz (Regimentsoberst),&nbsp;Hermann Schotten (J\u00e4geroberst),&nbsp;Gerd Schr\u00f6der (langj\u00e4hriges Vorstandsmitglied&nbsp;und Ehrenvorsitzender unseres&nbsp;Zuges), Matthias Hau sen. (2. Vorsitzender)&nbsp;Rolf Schl\u00f6mer (Abteilungsleiter der 2. J\u00e4gerabteilung),&nbsp;Guido Loibl (Abteilungsleiter der&nbsp;3. J\u00e4gerabteilung und stellv. Gesch\u00e4ftsf\u00fchrer)&nbsp;und Christian Schl\u00f6mer (Beisitzer). Versammlungen&nbsp;in regelm\u00e4\u00dfigen Abst\u00e4nden&nbsp;geh\u00f6ren genauso wie verschiedene Schie\u00dftermine&nbsp;zu unserem Jahreskalender.&nbsp;Einmal im Jahr d\u00fcrfen wir auch unseren&nbsp;Zugk\u00f6nig kr\u00f6nen, in diesem Jahr ist es unser&nbsp;Zugf\u00fchrer Rolf Schl\u00f6mer. Momentan&nbsp;besteht unser Zug aus 8 aktiven Mitgliedern,&nbsp;wobei leider alle Gr\u00fcndungsmitglieder&nbsp;inzwischen verstorben sind. Wir sind&nbsp;schon jetzt voller Vorfreude ein unvergessliches&nbsp;Sch\u00fctzenfest 2022 zu feiern. Wir&nbsp;w\u00fcnschen dem Sch\u00fctzenk\u00f6nigspaar S.M. Willi und K\u00f6nigin Hanne Beivers ein&nbsp;wundersch\u00f6nes Sch\u00fctzenfest bei hoffentlich&nbsp;bestem k\u00f6niglichem Wetter.<\/p>\n","protected":false},"excerpt":{"rendered":"<p>Seit nun mehr 73 Jahren ist der J\u00e4gerzug&nbsp;\u201eEm Lack 1948\u201c jetzt im BSV Dormagen vertreten.&nbsp;Schon fr\u00fch \u00fcbernahm der Em Lack&nbsp;wichtige Aufgaben im Verein, z.B. bei der&nbsp;Erbauung unseres Sch\u00fctzenhauses.&nbsp;In all den Jahren gab es auch besondere Ereignisse,&nbsp;z.B. stellten wir bis heute f\u00fcnf Mal&nbsp;den Sch\u00fctzenk\u00f6nig des BSV Dormagen. Angefangen&nbsp;mit Klaus-Josef Schmitz 1962\/63,&nbsp;sp\u00e4ter folgten dann noch Gerd Schr\u00f6der&nbsp;1969\/70,&hellip; <a href=\"http:\/\/jgz-emlack1948.de\/?p=806\">Continue reading&#8230;<\/a><\/p>\n","protected":false},"author":1,"featured_media":0,"comment_status":"closed","ping_status":"open","sticky":false,"template":"","format":"standard","meta":[],"categories":[1],"tags":[],"_links":{"self":[{"href":"http:\/\/jgz-emlack1948.de\/index.php?rest_route=\/wp\/v2\/posts\/806"}],"collection":[{"href":"http:\/\/jgz-emlack1948.de\/index.php?rest_route=\/wp\/v2\/posts"}],"about":[{"href":"http:\/\/jgz-emlack1948.de\/index.php?rest_route=\/wp\/v2\/types\/post"}],"author":[{"embeddable":true,"href":"http:\/\/jgz-emlack1948.de\/index.php?rest_route=\/wp\/v2\/users\/1"}],"replies":[{"embeddable":true,"href":"http:\/\/jgz-emlack1948.de\/index.php?rest_route=%2Fwp%2Fv2%2Fcomments&post=806"}],"version-history":[{"count":2,"href":"http:\/\/jgz-emlack1948.de\/index.php?rest_route=\/wp\/v2\/posts\/806\/revisions"}],"predecessor-version":[{"id":809,"href":"http:\/\/jgz-emlack1948.de\/index.php?rest_route=\/wp\/v2\/posts\/806\/revisions\/809"}],"wp:attachment":[{"href":"http:\/\/jgz-emlack1948.de\/index.php?rest_route=%2Fwp%2Fv2%2Fmedia&parent=806"}],"wp:term":[{"taxonomy":"category","embeddable":true,"href":"http:\/\/jgz-emlack1948.de\/index.php?rest_route=%2Fwp%2Fv2%2Fcategories&post=806"},{"taxonomy":"post_tag","embeddable":true,"href":"http:\/\/jgz-emlack1948.de\/index.php?rest_route=%2Fwp%2Fv2%2Ftags&post=806"}],"curies":[{"name":"wp","href":"https:\/\/api.w.org\/{rel}","templated":true}]}}